{"id":184,"date":"2026-03-11T14:00:06","date_gmt":"2026-03-11T14:00:06","guid":{"rendered":"https:\/\/cogedia.org\/?p=184"},"modified":"2026-04-27T03:16:50","modified_gmt":"2026-04-27T03:16:50","slug":"reflexion-citoyenne-sur-lavenir-du-centre-ville","status":"publish","type":"post","link":"https:\/\/cogedia.org\/en\/reflexion-citoyenne-sur-lavenir-du-centre-ville\/","title":{"rendered":"R\u00e9flexion citoyenne sur l\u2019avenir du centre-ville"},"content":{"rendered":"<p>Gatineau Ensemble invite la population \u00e0 participer \u00e0 une r\u00e9flexion sur l\u2019avenir du centre-ville<\/p>\n\n\n\n<p>Gatineau, le 11 mars 2026 \u2014&nbsp; Gatineau Ensemble invite les citoyennes et citoyens \u00e0 participer \u00e0 une activit\u00e9 de r\u00e9flexion organis\u00e9e dans le cadre de la consultation sur le Programme particulier d\u2019urbanisme (PPU) de l\u2019\u00eele de Hull. Cette rencontre portera notamment sur la densification et la hauteur des b\u00e2timents, deux enjeux importants pour le d\u00e9veloppement du c\u0153ur urbain de Gatineau.<\/p>\n\n\n\n<p>Pour Gatineau Ensemble, la densification du centre-ville constitue un enjeu de grande ville. \u00ab Aujourd\u2019hui, force est de constater que le centre-ville de Gatineau n\u2019est pas encore \u00e0 la hauteur de ce que l\u2019on attend d\u2019une grande ville. Un centre-ville vivant et dynamique est pourtant au c\u0153ur d\u2019une \u00e9conomie urbaine forte \u00bb, souligne Rachel Cousineau, cheffe par int\u00e9rim de Gatineau Ensemble.<\/p>\n\n\n\n<p>Les d\u00e9cisions qui seront prises dans le cadre du PPU de l\u2019\u00eele de Hull auront des impacts majeurs sur le d\u00e9veloppement \u00e9conomique, social et urbain de Gatineau pour les ann\u00e9es \u00e0 venir. Gatineau Ensemble encourage donc la participation citoyenne afin d\u2019enrichir la r\u00e9flexion collective sur l\u2019avenir du centre-ville.<\/p>\n\n\n\n<p>D\u00e9tails de l\u2019activit\u00e9<br>Quand : samedi 14 mars 2026<br>Heure: 13 h \u00e0 16 h 30<br>Lieu: Salle des F\u00eates de la Maison du citoyen \u2013 25, rue Laurier, Gatineau<\/p>\n\n\n\n<p><a href=\"https:\/\/form.jotform.com\/interactioncitoyenne\/inscription_reflexion_densite?fbclid=IwY2xjawQenkdleHRuA2FlbQIxMABicmlkETExckJMa2NrUzR4ZmtoTEkzc3J0YwZhcHBfaWQQMjIyMDM5MTc4ODIwMDg5MgABHqvf8Fa1WeDrl-om2npOR-1GkhO832Skcxgj02PvdGuJIOcTgRG-I5CYhkoV_aem_iyZ2_cgA2W_yjY3-uKXIfA\">INSCRIPTION OBLIGATOIRE<\/a><\/p>\n\n\n\n<p>\u2013 30 \u2013<\/p>\n\n\n\n<p>Renseignements :<br>Gatineau Ensemble<br><a>info@gatineauensemble.ca<\/a><\/p>","protected":false},"excerpt":{"rendered":"<p>Gatineau Ensemble invite la population \u00e0 participer \u00e0 une r\u00e9flexion sur l\u2019avenir du centre-ville Gatineau, le 11 mars 2026 \u2014&nbsp; Gatineau Ensemble invite les citoyennes et citoyens \u00e0 participer \u00e0 une activit\u00e9 de r\u00e9flexion organis\u00e9e dans le cadre de la consultation sur le Programme particulier d\u2019urbanisme (PPU) de l\u2019\u00eele de Hull. Cette rencontre portera notamment [&hellip;]<\/p>\n","protected":false},"author":1,"featured_media":280,"comment_status":"closed","ping_status":"closed","sticky":false,"template":"","format":"standard","meta":{"footnotes":""},"categories":[1],"tags":[],"class_list":["post-184","post","type-post","status-publish","format-standard","has-post-thumbnail","hentry","category-uncategorized"],"_links":{"self":[{"href":"https:\/\/cogedia.org\/en\/wp-json\/wp\/v2\/posts\/184","targetHints":{"allow":["GET"]}}],"collection":[{"href":"https:\/\/cogedia.org\/en\/wp-json\/wp\/v2\/posts"}],"about":[{"href":"https:\/\/cogedia.org\/en\/wp-json\/wp\/v2\/types\/post"}],"author":[{"embeddable":true,"href":"https:\/\/cogedia.org\/en\/wp-json\/wp\/v2\/users\/1"}],"replies":[{"embeddable":true,"href":"https:\/\/cogedia.org\/en\/wp-json\/wp\/v2\/comments?post=184"}],"version-history":[{"count":1,"href":"https:\/\/cogedia.org\/en\/wp-json\/wp\/v2\/posts\/184\/revisions"}],"predecessor-version":[{"id":185,"href":"https:\/\/cogedia.org\/en\/wp-json\/wp\/v2\/posts\/184\/revisions\/185"}],"wp:featuredmedia":[{"embeddable":true,"href":"https:\/\/cogedia.org\/en\/wp-json\/wp\/v2\/media\/280"}],"wp:attachment":[{"href":"https:\/\/cogedia.org\/en\/wp-json\/wp\/v2\/media?parent=184"}],"wp:term":[{"taxonomy":"category","embeddable":true,"href":"https:\/\/cogedia.org\/en\/wp-json\/wp\/v2\/categories?post=184"},{"taxonomy":"post_tag","embeddable":true,"href":"https:\/\/cogedia.org\/en\/wp-json\/wp\/v2\/tags?post=184"}],"curies":[{"name":"wp","href":"https:\/\/api.w.org\/{rel}","templated":true}]}}